{"id":275225,"date":"2022-05-11T12:27:28","date_gmt":"2022-05-11T15:27:28","guid":{"rendered":"https:\/\/ppgsc.uea.edu.br\/?p=275225"},"modified":"2022-05-11T12:27:42","modified_gmt":"2022-05-11T15:27:42","slug":"13o-congresso-brasileiro-de-saude-coletiva","status":"publish","type":"post","link":"https:\/\/ppgsc.uea.edu.br\/index.php\/13o-congresso-brasileiro-de-saude-coletiva\/","title":{"rendered":"13\u00ba Congresso Brasileiro de Sa\u00fade Coletiva"},"content":{"rendered":"<p><img loading=\"lazy\" decoding=\"async\" class=\"size-full wp-image-275226 aligncenter\" src=\"https:\/\/ppgsc.uea.edu.br\/wp-content\/uploads\/2022\/05\/POST-1024-px-\u00d7-577-px-1.png\" alt=\"\" width=\"1024\" height=\"577\" srcset=\"https:\/\/ppgsc.uea.edu.br\/wp-content\/uploads\/2022\/05\/POST-1024-px-\u00d7-577-px-1.png 1024w, https:\/\/ppgsc.uea.edu.br\/wp-content\/uploads\/2022\/05\/POST-1024-px-\u00d7-577-px-1-300x169.png 300w, https:\/\/ppgsc.uea.edu.br\/wp-content\/uploads\/2022\/05\/POST-1024-px-\u00d7-577-px-1-768x433.png 768w, https:\/\/ppgsc.uea.edu.br\/wp-content\/uploads\/2022\/05\/POST-1024-px-\u00d7-577-px-1-980x552.png 980w, https:\/\/ppgsc.uea.edu.br\/wp-content\/uploads\/2022\/05\/POST-1024-px-\u00d7-577-px-1-480x270.png 480w\" sizes=\"auto, (max-width: 1024px) 100vw, 1024px\" \/><\/p>\n<p>&nbsp;<\/p>\n<p>\u00c9 hora de submeter seu trabalho!<\/p>\n<p>A diversidade de temas, teorias e m\u00e9todos empregados em estudos e pesquisas e as experi\u00eancias vivenciadas nos servi\u00e7os de sa\u00fade e nas salas de aula comp\u00f5em a riqueza da Sa\u00fade Coletiva. O 13\u00ba Congresso Brasileiro de Sa\u00fade Coletiva \u2013 Abrasc\u00e3o 2022 pretende promover di\u00e1logos entre essa pluralidade de conhecimentos e de saberes e ampliar a divulga\u00e7\u00e3o da produ\u00e7\u00e3o do campo da Sa\u00fade Coletiva.<\/p>\n<p>&#8220;Nos \u00faltimos anos da pandemia, nossa \u00e1rea foi uma das mais engajadas na defesa da sa\u00fade dos brasileiros. No Abrasc\u00e3o 2022 teremos oportunidade de compartilhar experi\u00eancias, resultados de pesquisas e conhecimentos. Inscreva seu trabalho! Venha com a gente!\u201d, afirma a presidente da Abrasco, Rosana Onocko.<\/p>\n<p>Cada participante poder\u00e1 submeter no m\u00e1ximo dois resumos vinculados \u00e0 sua inscri\u00e7\u00e3o. N\u00e3o h\u00e1 limite para participa\u00e7\u00e3o em coautoria de trabalhos inscritos por outros participantes. O Congresso receber\u00e1 resumos de trabalhos at\u00e9 o 03 de junho de 2022, \u00e0s 21h (hor\u00e1rio de Bras\u00edlia), apenas pela internet, por meio do site do Congresso.<\/p>\n","protected":false},"excerpt":{"rendered":"<p>&nbsp; \u00c9 hora de submeter seu trabalho! A diversidade de temas, teorias e m\u00e9todos empregados em estudos e pesquisas e as experi\u00eancias vivenciadas nos servi\u00e7os de sa\u00fade e nas salas de aula comp\u00f5em a riqueza da Sa\u00fade Coletiva. O 13\u00ba Congresso Brasileiro de Sa\u00fade Coletiva \u2013 Abrasc\u00e3o 2022 pretende promover di\u00e1logos entre essa pluralidade de [&hellip;]<\/p>\n","protected":false},"author":4,"featured_media":275227,"comment_status":"open","ping_status":"open","sticky":false,"template":"","format":"standard","meta":{"_et_pb_use_builder":"","_et_pb_old_content":"","_et_gb_content_width":"","om_disable_all_campaigns":false,"footnotes":""},"categories":[5],"tags":[],"class_list":["post-275225","post","type-post","status-publish","format-standard","has-post-thumbnail","hentry","category-noticias"],"aioseo_notices":[],"_links":{"self":[{"href":"https:\/\/ppgsc.uea.edu.br\/index.php\/wp-json\/wp\/v2\/posts\/275225","targetHints":{"allow":["GET"]}}],"collection":[{"href":"https:\/\/ppgsc.uea.edu.br\/index.php\/wp-json\/wp\/v2\/posts"}],"about":[{"href":"https:\/\/ppgsc.uea.edu.br\/index.php\/wp-json\/wp\/v2\/types\/post"}],"author":[{"embeddable":true,"href":"https:\/\/ppgsc.uea.edu.br\/index.php\/wp-json\/wp\/v2\/users\/4"}],"replies":[{"embeddable":true,"href":"https:\/\/ppgsc.uea.edu.br\/index.php\/wp-json\/wp\/v2\/comments?post=275225"}],"version-history":[{"count":2,"href":"https:\/\/ppgsc.uea.edu.br\/index.php\/wp-json\/wp\/v2\/posts\/275225\/revisions"}],"predecessor-version":[{"id":275229,"href":"https:\/\/ppgsc.uea.edu.br\/index.php\/wp-json\/wp\/v2\/posts\/275225\/revisions\/275229"}],"wp:featuredmedia":[{"embeddable":true,"href":"https:\/\/ppgsc.uea.edu.br\/index.php\/wp-json\/wp\/v2\/media\/275227"}],"wp:attachment":[{"href":"https:\/\/ppgsc.uea.edu.br\/index.php\/wp-json\/wp\/v2\/media?parent=275225"}],"wp:term":[{"taxonomy":"category","embeddable":true,"href":"https:\/\/ppgsc.uea.edu.br\/index.php\/wp-json\/wp\/v2\/categories?post=275225"},{"taxonomy":"post_tag","embeddable":true,"href":"https:\/\/ppgsc.uea.edu.br\/index.php\/wp-json\/wp\/v2\/tags?post=275225"}],"curies":[{"name":"wp","href":"https:\/\/api.w.org\/{rel}","templated":true}]}}